{"id":749,"date":"2023-08-22T18:48:51","date_gmt":"2023-08-22T18:48:51","guid":{"rendered":"https:\/\/yzp.140.myftpupload.com\/?p=749"},"modified":"2023-11-17T16:07:23","modified_gmt":"2023-11-17T16:07:23","slug":"hon-richard-ames","status":"publish","type":"post","link":"https:\/\/pcnb.ca\/fr\/hon-richard-ames\/","title":{"rendered":"L\u2019hon. Richard Ames"},"content":{"rendered":"<p class=\"translation-block\"><strong>Ministre des Transports et de l'Infrastructure\n<br>D\u00e9put\u00e9 de Carleton-York\n\n<\/strong><\/p>\n\n\n\n<p>Richard Ames est n\u00e9 \u00e0 Fredericton de Ronald et Patricia Ames. Il a de profondes racines dans la circonscription et a v\u00e9cu la majeure partie de sa vie \u00e0 Mactaquac, dans la circonscription de Carleton-York.&nbsp;<\/p>\n\n\n\n<p>Le grand-p\u00e8re de Richard, Harry Ames, a \u00e9migr\u00e9 d'Angleterre \u00e0 l'\u00e2ge de 9 ans pour chercher une vie meilleure au Nouveau-Brunswick. Harry avait gagn\u00e9 la confiance des \u00e9lecteurs de la circonscription, ce qui lui a valu six mandats cons\u00e9cutifs en tant que d\u00e9put\u00e9 conservateur du comt\u00e9 de York.&nbsp;&nbsp;<\/p>\n\n\n\n<p>D\u00e8s son plus jeune \u00e2ge, on attendait de Richard qu'il s'implique et contribue \u00e0 tous les aspects de l'agriculture et d'autres petites entreprises, allant de l'apiculture \u00e0 la fabrication de couronnes. Plus tard; Richard a \u00e9t\u00e9 employ\u00e9 par l'une des plus grandes institutions financi\u00e8res du Canada au service de clients dans toute la r\u00e9gion, suivi de 15 ans comme agent immobilier \u00e0 temps plein.<\/p>\n\n\n\n<p>Richard est mari\u00e9 \u00e0 Tammy Ames et a deux enfants adultes, Noah et Kennedy. L'approche terre-\u00e0-terre de Richard est \u00e9nergique, ax\u00e9e sur les r\u00e9sultats et d\u00e9sireux d'apporter de solides comp\u00e9tences proactives. Richard croit fermement que chacun a une voix et qu\u2019il est important que ces voix soient entendues.&nbsp;&nbsp;&nbsp;<\/p>\n\n\n\n<p>En novembre 2018, on a demand\u00e9 \u00e0 Richard d'\u00eatre l'adjoint ex\u00e9cutif de l'hon. Carl Urquhart, ministre de la S\u00e9curit\u00e9 publique et solliciteur g\u00e9n\u00e9ral de la province du Nouveau-Brunswick, et d\u00e9put\u00e9 de Carleton-York.<\/p>\n\n\n\n<p>Richard a \u00e9t\u00e9 \u00e9lu pour la premi\u00e8re fois \u00e0 l'Assembl\u00e9e l\u00e9gislative du Nouveau-Brunswick le 14 septembre 2020 et se concentre \u00e0 plein temps sur les besoins de Carleton-York en tant que repr\u00e9sentant fort \u00e0 l'Assembl\u00e9e l\u00e9gislative provinciale.<\/p>","protected":false},"excerpt":{"rendered":"<p>D\u00e9put\u00e9 de Carleton-York<\/p>","protected":false},"author":1,"featured_media":752,"comment_status":"closed","ping_status":"closed","sticky":false,"template":"","format":"standard","meta":{"wds_primary_category":0,"footnotes":""},"categories":[7],"tags":[],"class_list":["post-749","post","type-post","status-publish","format-standard","has-post-thumbnail","hentry","category-team-members"],"_links":{"self":[{"href":"https:\/\/pcnb.ca\/fr\/wp-json\/wp\/v2\/posts\/749","targetHints":{"allow":["GET"]}}],"collection":[{"href":"https:\/\/pcnb.ca\/fr\/wp-json\/wp\/v2\/posts"}],"about":[{"href":"https:\/\/pcnb.ca\/fr\/wp-json\/wp\/v2\/types\/post"}],"author":[{"embeddable":true,"href":"https:\/\/pcnb.ca\/fr\/wp-json\/wp\/v2\/users\/1"}],"replies":[{"embeddable":true,"href":"https:\/\/pcnb.ca\/fr\/wp-json\/wp\/v2\/comments?post=749"}],"version-history":[{"count":3,"href":"https:\/\/pcnb.ca\/fr\/wp-json\/wp\/v2\/posts\/749\/revisions"}],"predecessor-version":[{"id":1211,"href":"https:\/\/pcnb.ca\/fr\/wp-json\/wp\/v2\/posts\/749\/revisions\/1211"}],"wp:featuredmedia":[{"embeddable":true,"href":"https:\/\/pcnb.ca\/fr\/wp-json\/wp\/v2\/media\/752"}],"wp:attachment":[{"href":"https:\/\/pcnb.ca\/fr\/wp-json\/wp\/v2\/media?parent=749"}],"wp:term":[{"taxonomy":"category","embeddable":true,"href":"https:\/\/pcnb.ca\/fr\/wp-json\/wp\/v2\/categories?post=749"},{"taxonomy":"post_tag","embeddable":true,"href":"https:\/\/pcnb.ca\/fr\/wp-json\/wp\/v2\/tags?post=749"}],"curies":[{"name":"wp","href":"https:\/\/api.w.org\/{rel}","templated":true}]}}