{"id":736,"date":"2023-08-22T18:28:42","date_gmt":"2023-08-22T18:28:42","guid":{"rendered":"https:\/\/yzp.140.myftpupload.com\/?p=736"},"modified":"2023-11-17T16:05:26","modified_gmt":"2023-11-17T16:05:26","slug":"hon-kris-austin","status":"publish","type":"post","link":"https:\/\/pcnb.ca\/fr\/hon-kris-austin\/","title":{"rendered":"L\u2019hon. Kris Austin"},"content":{"rendered":"<p><strong>Ministre de la S\u00e9curit\u00e9 publique et solliciteur g\u00e9n\u00e9ral<br>D\u00e9put\u00e9 de Fredericton-Grand Lake<\/strong><\/p>\n\n\n\n<p><strong>Kris Austin <\/strong>est l'ancien chef de l'Alliance des gens du Nouveau-Brunswick et repr\u00e9sente actuellement la circonscription de&nbsp;<strong>Fredericton-Grand Lake<\/strong>Il est le fondateur de l'ancien parti Alliance populaire, fond\u00e9 en 2010. Il s'est joint au caucus progressiste-conservateur en mars 2022. M. Austin a \u00e9t\u00e9 nomm\u00e9 ministre de la S\u00e9curit\u00e9 publique et solliciteur g\u00e9n\u00e9ral le 13 octobre 2022.<\/p>\n\n\n\n<p>M. Austin a \u00e9t\u00e9 \u00e9lu pour la premi\u00e8re fois \u00e0 l'Assembl\u00e9e l\u00e9gislative du Nouveau-Brunswick lors des \u00e9lections provinciales de 2018, puis a \u00e9t\u00e9 r\u00e9\u00e9lu lors des \u00e9lections g\u00e9n\u00e9rales de 2020 en tant que d\u00e9put\u00e9 de l'Assembl\u00e9e l\u00e9gislative de Fredericton-Grand Lake.<\/p>\n\n\n\n<p>Avant son entr\u00e9e dans l'ar\u00e8ne politique, M. Austin s'est impliqu\u00e9 dans de nombreux domaines, tant professionnellement que b\u00e9n\u00e9volement.<\/p>\n\n\n\n<p>Il a \u00e9tudi\u00e9 la th\u00e9ologie \u00e0 Bangor dans le Maine, apr\u00e8s quoi il a travaill\u00e9 dans le minist\u00e8re en tant que pasteur d'\u00e9glise pendant dix ans.<\/p>\n\n\n\n<p>Ensuite, il a d\u00e9marr\u00e9 une petite entreprise sylvicole \u00e0 Minto, o\u00f9 il a v\u00e9cu la majeure partie de sa vie. Il a \u00e9galement r\u00e9sid\u00e9 \u00e0 Nackawic, au Nouveau-Brunswick, \u00e0 Niagara Falls, en Ontario et \u00e0 Charleston, dans le Maine.<\/p>\n\n\n\n<p>M. Austin est une personne soucieuse de sa communaut\u00e9 et a si\u00e9g\u00e9 au conseil municipal du village \u00e0 titre de conseiller et de maire adjoint.<\/p>\n\n\n\n<p>Il est passionn\u00e9 par le b\u00e9n\u00e9volat dans sa communaut\u00e9. Il a fond\u00e9 le Centre communautaire des jeunes de Minto. Il s'est rendu plusieurs fois en Ha\u00efti o\u00f9 il a particip\u00e9 \u00e0 des projets d'aide humanitaire dans des orphelinats et des \u00e9coles.<\/p>\n\n\n\n<p>Il est mari\u00e9 \u00e0 sa femme, Amanda, depuis 20 ans. Ils ont un fils de 16 ans, Silas, deux filles, Krisily, six ans, et Felicity, deux ans.<\/p>","protected":false},"excerpt":{"rendered":"<p>D\u00e9put\u00e9 de Fredericton-Grand Lake<\/p>","protected":false},"author":1,"featured_media":739,"comment_status":"closed","ping_status":"closed","sticky":false,"template":"","format":"standard","meta":{"wds_primary_category":0,"footnotes":""},"categories":[7],"tags":[],"class_list":["post-736","post","type-post","status-publish","format-standard","has-post-thumbnail","hentry","category-team-members"],"_links":{"self":[{"href":"https:\/\/pcnb.ca\/fr\/wp-json\/wp\/v2\/posts\/736","targetHints":{"allow":["GET"]}}],"collection":[{"href":"https:\/\/pcnb.ca\/fr\/wp-json\/wp\/v2\/posts"}],"about":[{"href":"https:\/\/pcnb.ca\/fr\/wp-json\/wp\/v2\/types\/post"}],"author":[{"embeddable":true,"href":"https:\/\/pcnb.ca\/fr\/wp-json\/wp\/v2\/users\/1"}],"replies":[{"embeddable":true,"href":"https:\/\/pcnb.ca\/fr\/wp-json\/wp\/v2\/comments?post=736"}],"version-history":[{"count":3,"href":"https:\/\/pcnb.ca\/fr\/wp-json\/wp\/v2\/posts\/736\/revisions"}],"predecessor-version":[{"id":1197,"href":"https:\/\/pcnb.ca\/fr\/wp-json\/wp\/v2\/posts\/736\/revisions\/1197"}],"wp:featuredmedia":[{"embeddable":true,"href":"https:\/\/pcnb.ca\/fr\/wp-json\/wp\/v2\/media\/739"}],"wp:attachment":[{"href":"https:\/\/pcnb.ca\/fr\/wp-json\/wp\/v2\/media?parent=736"}],"wp:term":[{"taxonomy":"category","embeddable":true,"href":"https:\/\/pcnb.ca\/fr\/wp-json\/wp\/v2\/categories?post=736"},{"taxonomy":"post_tag","embeddable":true,"href":"https:\/\/pcnb.ca\/fr\/wp-json\/wp\/v2\/tags?post=736"}],"curies":[{"name":"wp","href":"https:\/\/api.w.org\/{rel}","templated":true}]}}