{"id":729,"date":"2023-08-21T16:37:49","date_gmt":"2023-08-21T16:37:49","guid":{"rendered":"https:\/\/yzp.140.myftpupload.com\/?p=729"},"modified":"2023-11-17T16:05:33","modified_gmt":"2023-11-17T16:05:33","slug":"hon-bill-oliver","status":"publish","type":"post","link":"https:\/\/pcnb.ca\/fr\/hon-bill-oliver\/","title":{"rendered":"L\u2019hon. Bill Oliver"},"content":{"rendered":"<p><strong>Pr\u00e9sident du<br>D\u00e9put\u00e9 de Kings Centre<\/strong><\/p>\n\n\n\n<p>Bill Oliver a \u00e9t\u00e9 \u00e9lu pour la premi\u00e8re fois \u00e0 la 58e Assembl\u00e9e l\u00e9gislative de la province du Nouveau-Brunswick le 22 septembre 2014, pour la circonscription de Kings Centre qui s'\u00e9tend de Norton \u00e0 Welsford. Il a \u00e9t\u00e9 r\u00e9\u00e9lu pour un second mandat le 24 septembre 2018 et, le 9 novembre 2018, a \u00e9t\u00e9 nomm\u00e9 ministre des Transports et de l'Infrastructure. Il a \u00e9t\u00e9 r\u00e9\u00e9lu pour un troisi\u00e8me mandat \u00e0 la 60e Assembl\u00e9e l\u00e9gislative le 14 septembre 2020. Le 7 octobre 2020, il a \u00e9t\u00e9 proclam\u00e9 par acclamation pr\u00e9sident de l'Assembl\u00e9e l\u00e9gislative.<\/p>\n\n\n\n<p>Au cours de son premier mandat, M. Oliver a \u00e9t\u00e9 whip adjoint de l'opposition officielle, porte-parole de l'opposition pour Travail s\u00e9curitaire NB et membre du Comit\u00e9 administratif l\u00e9gislatif. Sa carri\u00e8re politique comprend \u00e9galement le poste d'adjoint ex\u00e9cutif du pr\u00e9sident de l'Assembl\u00e9e l\u00e9gislative Bev Harrison, du ministre de l'Approvisionnement et des Services, puis du ministre des Finances de l'\u00e9poque, Blaine Higgs.<\/p>\n\n\n\n<p>Avant de devenir d\u00e9put\u00e9 \u00e0 l'Assembl\u00e9e l\u00e9gislative, il a pass\u00e9 de nombreuses ann\u00e9es \u00e0 travailler dans le sud du Nouveau-Brunswick et dans le reste de la province dans le secteur des assurances.<\/p>\n\n\n\n<p>M. Oliver a pass\u00e9 de nombreuses ann\u00e9es \u00e0 jouer au curling sur la sc\u00e8ne provinciale. Il a repr\u00e9sent\u00e9 le Nouveau-Brunswick sur la sc\u00e8ne nationale \u00e0 cinq reprises, dont deux d\u00e9placements \u00e0 Briar.<\/p>\n\n\n\n<p>M. Oliver vit \u00e0 Kiersteadville, sur la baie de Belleisle, avec son \u00e9pouse Chris et son fils Danny. Il est actif dans son \u00e9glise et dans d'autres groupes b\u00e9n\u00e9voles locaux.<\/p>","protected":false},"excerpt":{"rendered":"<p>D\u00e9put\u00e9 de Kings-Centre<\/p>","protected":false},"author":1,"featured_media":734,"comment_status":"closed","ping_status":"closed","sticky":false,"template":"","format":"standard","meta":{"wds_primary_category":0,"footnotes":""},"categories":[7],"tags":[],"class_list":["post-729","post","type-post","status-publish","format-standard","has-post-thumbnail","hentry","category-team-members"],"_links":{"self":[{"href":"https:\/\/pcnb.ca\/fr\/wp-json\/wp\/v2\/posts\/729","targetHints":{"allow":["GET"]}}],"collection":[{"href":"https:\/\/pcnb.ca\/fr\/wp-json\/wp\/v2\/posts"}],"about":[{"href":"https:\/\/pcnb.ca\/fr\/wp-json\/wp\/v2\/types\/post"}],"author":[{"embeddable":true,"href":"https:\/\/pcnb.ca\/fr\/wp-json\/wp\/v2\/users\/1"}],"replies":[{"embeddable":true,"href":"https:\/\/pcnb.ca\/fr\/wp-json\/wp\/v2\/comments?post=729"}],"version-history":[{"count":4,"href":"https:\/\/pcnb.ca\/fr\/wp-json\/wp\/v2\/posts\/729\/revisions"}],"predecessor-version":[{"id":1198,"href":"https:\/\/pcnb.ca\/fr\/wp-json\/wp\/v2\/posts\/729\/revisions\/1198"}],"wp:featuredmedia":[{"embeddable":true,"href":"https:\/\/pcnb.ca\/fr\/wp-json\/wp\/v2\/media\/734"}],"wp:attachment":[{"href":"https:\/\/pcnb.ca\/fr\/wp-json\/wp\/v2\/media?parent=729"}],"wp:term":[{"taxonomy":"category","embeddable":true,"href":"https:\/\/pcnb.ca\/fr\/wp-json\/wp\/v2\/categories?post=729"},{"taxonomy":"post_tag","embeddable":true,"href":"https:\/\/pcnb.ca\/fr\/wp-json\/wp\/v2\/tags?post=729"}],"curies":[{"name":"wp","href":"https:\/\/api.w.org\/{rel}","templated":true}]}}