{"id":721,"date":"2023-08-21T16:34:58","date_gmt":"2023-08-21T16:34:58","guid":{"rendered":"https:\/\/yzp.140.myftpupload.com\/?p=721"},"modified":"2023-12-04T17:50:31","modified_gmt":"2023-12-04T17:50:31","slug":"trevor-holder","status":"publish","type":"post","link":"https:\/\/pcnb.ca\/fr\/trevor-holder\/","title":{"rendered":"Trevor Holder"},"content":{"rendered":"<p><\/p>\n\n\n\n<p><strong>Trevor A. Holder<\/strong>&nbsp;est n\u00e9 \u00e0 Saint John le 8 mai 1973, fils de Dorothy (Trevors) et de feu William Holder.<\/p>\n\n\n\n<p>Il a \u00e9t\u00e9 \u00e9lu pour la premi\u00e8re fois \u00e0 l'Assembl\u00e9e l\u00e9gislative du Nouveau-Brunswick lors des \u00e9lections provinciales du 7 juin 1999 en tant que d\u00e9put\u00e9 repr\u00e9sentant la circonscription \u00e9lectorale de Saint John Portland.<br><br>Il a \u00e9t\u00e9 r\u00e9\u00e9lu cinq fois depuis, y compris sa plus r\u00e9cente r\u00e9\u00e9lection \u00e0 la 59e l\u00e9gislature le 24 septembre 2018 comme d\u00e9put\u00e9 de la circonscription de&nbsp;<strong>Portland-Simonds<\/strong>Le 9 novembre 2018, il a pr\u00eat\u00e9 serment comme membre du Conseil ex\u00e9cutif et a \u00e9t\u00e9 nomm\u00e9 ministre de l'\u00c9ducation postsecondaire, de la Formation et du Travail.<br><br>Au cours de son mandat de d\u00e9put\u00e9, M. Holder a occup\u00e9 de nombreux portefeuilles, notamment celui de ministre de l'Environnement et des Gouvernements locaux, de ministre du Tourisme et des Parcs, de ministre du Bien-\u00eatre, de la Culture et du Sport et de ministre du Tourisme, du Patrimoine et de la Culture.<br><br>Il a \u00e9galement si\u00e9g\u00e9 \u00e0 de nombreux comit\u00e9s l\u00e9gislatifs, notamment les comit\u00e9s permanents des soci\u00e9t\u00e9s d'\u00c9tat, de l'administration l\u00e9gislative, des projets de loi d'int\u00e9r\u00eat priv\u00e9, de la proc\u00e9dure, de l'ombudsman, de l'\u00e9ducation, des soins de sant\u00e9, des pr\u00e9visions budg\u00e9taires, des projets de loi d'int\u00e9r\u00eat priv\u00e9 et des privil\u00e8ges. Il a \u00e9galement \u00e9t\u00e9 membre du Comit\u00e9 sp\u00e9cial charg\u00e9 d'examiner les nominations du lieutenant-gouverneur en conseil et du Comit\u00e9 sp\u00e9cial sur l'assurance automobile des particuliers, et a \u00e9t\u00e9 vice-pr\u00e9sident et leader parlementaire adjoint de l'opposition officielle. De 2014 \u00e0 2018, il a \u00e9t\u00e9 pr\u00e9sident du Comit\u00e9 des comptes publics.&nbsp;<br><br>M. Holder a \u00e9galement \u00e9t\u00e9 porte-parole de l'opposition officielle dans des domaines d'int\u00e9r\u00eat li\u00e9s \u00e0 l'environnement, au d\u00e9veloppement social, \u00e0 l'\u00e9ducation postsecondaire, \u00e0 la formation et au travail, \u00e0 la r\u00e9duction de la pauvret\u00e9, \u00e0 la Commission du travail et de l'emploi et \u00e0 Travail s\u00e9curitaire NB.&nbsp;<br><br>M. Holder a fr\u00e9quent\u00e9 l'\u00e9cole secondaire de Saint John et a obtenu son dipl\u00f4me en 1991. Il a poursuivi ses \u00e9tudes \u00e0 l'Universit\u00e9 du Nouveau-Brunswick \u00e0 Saint John, o\u00f9 il a obtenu un baccalaur\u00e9at \u00e8s arts en sciences politiques et en histoire en 1995. \u00c0 l'UNBSJ, il a \u00e9t\u00e9 \u00e9lu pr\u00e9sident. du Conseil repr\u00e9sentatif des \u00e9tudiants et \u00e9lu au S\u00e9nat de l'UNBSJ. Il a \u00e9galement \u00e9t\u00e9 vice-pr\u00e9sident de l'Association des sciences sociales de l'UNBSJ et pr\u00e9sident de l'Association de la jeunesse progressiste-conservatrice de l'UNBSJ.<br><br>De 1996 jusqu'\u00e0 son \u00e9lection en 1999, il a travaill\u00e9 comme planificateur financier \u00e0 Saint John. Il a auparavant \u00e9t\u00e9 membre ex\u00e9cutif du Conseil des gouvernements des \u00c9tats \u2013 Conf\u00e9rence r\u00e9gionale de l'Est, et membre du Comit\u00e9 du corridor commercial Maine-Nouveau-Brunswick. Il demeure impliqu\u00e9 dans les questions li\u00e9es aux relations canado-am\u00e9ricaines.<br><br>Son exp\u00e9rience politique comprend son mandat au sein de l'ex\u00e9cutif du Parti progressiste-conservateur du Nouveau-Brunswick en tant que vice-pr\u00e9sident du comt\u00e9 de Saint John et au sein de l'Association progressiste-conservatrice de Saint John Portland en tant que deuxi\u00e8me vice-pr\u00e9sident.<br><br>Actif dans la communaut\u00e9, il est membre et ancien pr\u00e9sident de la United Empire Loyalist Association, du Carleton Union Lodge et de la filiale 64 de la L\u00e9gion royale canadienne. Il est un membre actif de l'\u00e9glise anglicane St. Lukes, paroisse de Portland. En 1987, il a re\u00e7u le prix du chef scout des Boy Scouts du Canada.<br><br>M. Holder et son \u00e9pouse Brenda ainsi que leurs filles Margaret et Katherine vivent \u00e0 Saint John.<\/p>","protected":false},"excerpt":{"rendered":"<p>D\u00e9put\u00e9 de Portland-Simonds<\/p>","protected":false},"author":1,"featured_media":724,"comment_status":"closed","ping_status":"closed","sticky":false,"template":"","format":"standard","meta":{"wds_primary_category":7,"footnotes":""},"categories":[7],"tags":[],"class_list":["post-721","post","type-post","status-publish","format-standard","has-post-thumbnail","hentry","category-team-members"],"_links":{"self":[{"href":"https:\/\/pcnb.ca\/fr\/wp-json\/wp\/v2\/posts\/721","targetHints":{"allow":["GET"]}}],"collection":[{"href":"https:\/\/pcnb.ca\/fr\/wp-json\/wp\/v2\/posts"}],"about":[{"href":"https:\/\/pcnb.ca\/fr\/wp-json\/wp\/v2\/types\/post"}],"author":[{"embeddable":true,"href":"https:\/\/pcnb.ca\/fr\/wp-json\/wp\/v2\/users\/1"}],"replies":[{"embeddable":true,"href":"https:\/\/pcnb.ca\/fr\/wp-json\/wp\/v2\/comments?post=721"}],"version-history":[{"count":4,"href":"https:\/\/pcnb.ca\/fr\/wp-json\/wp\/v2\/posts\/721\/revisions"}],"predecessor-version":[{"id":1546,"href":"https:\/\/pcnb.ca\/fr\/wp-json\/wp\/v2\/posts\/721\/revisions\/1546"}],"wp:featuredmedia":[{"embeddable":true,"href":"https:\/\/pcnb.ca\/fr\/wp-json\/wp\/v2\/media\/724"}],"wp:attachment":[{"href":"https:\/\/pcnb.ca\/fr\/wp-json\/wp\/v2\/media?parent=721"}],"wp:term":[{"taxonomy":"category","embeddable":true,"href":"https:\/\/pcnb.ca\/fr\/wp-json\/wp\/v2\/categories?post=721"},{"taxonomy":"post_tag","embeddable":true,"href":"https:\/\/pcnb.ca\/fr\/wp-json\/wp\/v2\/tags?post=721"}],"curies":[{"name":"wp","href":"https:\/\/api.w.org\/{rel}","templated":true}]}}